{"id":296,"date":"2026-01-20T12:39:28","date_gmt":"2026-01-20T12:39:28","guid":{"rendered":"https:\/\/allpartyeventos.com.br\/blog\/?p=296"},"modified":"2026-01-30T12:41:41","modified_gmt":"2026-01-30T12:41:41","slug":"%f0%9f%8e%a4-palestras-e-intervencoes-artisticas-o-toque-especial-para-seu-evento-corporativo","status":"publish","type":"post","link":"https:\/\/allpartyeventos.com.br\/blog\/2026\/01\/20\/%f0%9f%8e%a4-palestras-e-intervencoes-artisticas-o-toque-especial-para-seu-evento-corporativo\/","title":{"rendered":"\ud83c\udfa4 Palestras e interven\u00e7\u00f5es art\u00edsticas: o toque especial para seu evento corporativo"},"content":{"rendered":"\n<p>Em um cen\u00e1rio onde a aten\u00e7\u00e3o do p\u00fablico \u00e9 disputada a cada segundo, <strong>eventos corporativos<\/strong> precisam ir al\u00e9m da programa\u00e7\u00e3o tradicional. Um cronograma bem feito e uma boa estrutura t\u00e9cnica s\u00e3o fundamentais, mas o que realmente <strong>transforma um evento empresarial em uma experi\u00eancia memor\u00e1vel<\/strong> s\u00e3o os momentos de impacto emocional e conex\u00e3o profunda. \u00c9 a\u00ed que entram as <strong>palestras inspiradoras<\/strong> e as <strong>interven\u00e7\u00f5es art\u00edsticas,<\/strong> dois recursos cada vez mais usados para surpreender, engajar e gerar valor.<\/p>\n\n\n\n<p>Se voc\u00ea est\u00e1 organizando uma <strong>conven\u00e7\u00e3o corporativa<\/strong>, um lan\u00e7amento de produto ou um encontro interno de equipe, este artigo vai te mostrar <strong>como incorporar conte\u00fados criativos e transformadores no seu evento<\/strong>, com o suporte da <strong>All Party Eventos<\/strong>, refer\u00eancia em experi\u00eancias sensoriais e produ\u00e7\u00e3o de eventos corporativos de alto impacto.<\/p>\n\n\n\n<h2 class=\"wp-block-heading\" id=\"h-por-que-apostar-em-conteudo-alem-do-tecnico\"><a><\/a> <strong>Por que apostar em conte\u00fado al\u00e9m do t\u00e9cnico?<\/strong><\/h2>\n\n\n\n<p>Os eventos corporativos de hoje n\u00e3o podem ser apenas informativos, eles precisam <strong>emocionar, entreter e provocar reflex\u00f5es<\/strong>. O p\u00fablico est\u00e1 cada vez mais exigente, e os gestores de RH e marketing sabem: <strong>envolvimento gera lembran\u00e7a<\/strong>, e lembran\u00e7a gera resultado.<\/p>\n\n\n\n<p>E como fazer isso? Com uma programa\u00e7\u00e3o que vai al\u00e9m dos slides e planilhas. Uma <strong>palestra impactante<\/strong> pode provocar mudan\u00e7as de mindset. Uma <strong>performance art\u00edstica<\/strong> pode gerar conex\u00e3o, orgulho de equipe e senso de pertencimento.<\/p>\n\n\n\n<h2 class=\"wp-block-heading\" id=\"h-palestras-que-inspiram-e-motivam-escolha-estrategica-para-o-seu-evento-empresarial\"><a><\/a> \ud83c\udfaf <strong>Palestras que inspiram e motivam: escolha estrat\u00e9gica para o seu evento empresarial<\/strong><\/h2>\n\n\n\n<p>Uma boa palestra \u00e9 como uma fa\u00edsca: ela acende ideias, engaja equipes e pode <strong>marcar profundamente o p\u00fablico<\/strong>. Mas, para isso, \u00e9 preciso ir al\u00e9m dos nomes conhecidos, \u00e9 necess\u00e1rio <strong>alinhar a mensagem ao prop\u00f3sito do evento<\/strong>.<\/p>\n\n\n\n<h3 class=\"wp-block-heading\" id=\"h-tipos-de-palestras-que-fazem-a-diferenca\"><a><\/a> <strong>Tipos de palestras que fazem a diferen\u00e7a:<\/strong><\/h3>\n\n\n\n<ul class=\"wp-block-list\">\n<li><strong>Motivacionais e comportamentais<\/strong>: ideais para conven\u00e7\u00f5es de vendas, kick-offs e eventos internos.<br><br><\/li>\n\n\n\n<li><strong>Lideran\u00e7a e inova\u00e7\u00e3o<\/strong>: \u00f3timas para gestores, CEOs e equipes estrat\u00e9gicas.<br><br><\/li>\n\n\n\n<li><strong>Diversidade, bem-estar e inclus\u00e3o<\/strong>: trazem reflex\u00f5es e humanizam o ambiente corporativo.<br><br><\/li>\n\n\n\n<li><strong>Storytelling e branding emocional<\/strong>: refor\u00e7am a cultura da empresa de forma leve e envolvente.<br><br><br><\/li>\n<\/ul>\n\n\n\n<p>Na <strong>All Party Eventos<\/strong>, a curadoria de palestrantes \u00e9 feita sob medida. A equipe avalia o perfil da empresa, o p\u00fablico-alvo, o momento organizacional e prop\u00f5e nomes que tenham <strong>repert\u00f3rio, carisma e conex\u00e3o com o tema<\/strong>.<\/p>\n\n\n\n<h2 class=\"wp-block-heading\" id=\"h-intervencoes-artisticas-quando-a-arte-se-torna-comunicacao\"><a><\/a> \ud83c\udfad <strong>Interven\u00e7\u00f5es art\u00edsticas: quando a arte se torna comunica\u00e7\u00e3o<\/strong><\/h2>\n\n\n\n<p>Se voc\u00ea nunca presenciou uma <strong>interven\u00e7\u00e3o art\u00edstica<\/strong> em um evento corporativo, prepare-se para se surpreender. S\u00e3o apresenta\u00e7\u00f5es criativas e inesperadas que podem surgir entre uma palestra e outra, no coffee break ou at\u00e9 como parte da abertura do evento.<\/p>\n\n\n\n<h3 class=\"wp-block-heading\" id=\"h-alguns-formatos-de-intervencao-que-encantam\"><a><\/a> <strong>Alguns formatos de interven\u00e7\u00e3o que encantam:<\/strong><\/h3>\n\n\n\n<ul class=\"wp-block-list\">\n<li><strong>Flash mobs corporativos<\/strong>: com dan\u00e7arinos ou atores caracterizados que interagem com o p\u00fablico.<br><br><\/li>\n\n\n\n<li><strong>Teatro empresarial<\/strong>: cenas curtas que abordam temas como \u00e9tica, lideran\u00e7a ou inova\u00e7\u00e3o com humor e leveza.<br><br><\/li>\n\n\n\n<li><strong>Performance musical ou sensorial<\/strong>: desde percussionistas ao vivo at\u00e9 trilhas sonoras tem\u00e1ticas.<br><br><\/li>\n\n\n\n<li><strong>Pintura ou arte ao vivo<\/strong>: murais criados durante o evento, refor\u00e7ando a mensagem da marca.<br><br><br><\/li>\n<\/ul>\n\n\n\n<p>Essas interven\u00e7\u00f5es funcionam como <strong>pontos de respiro<\/strong>, <strong>gatilhos emocionais<\/strong> e <strong>refor\u00e7os da mensagem do evento<\/strong>. E sim, funcionam para p\u00fablicos de todos os tamanhos, desde reuni\u00f5es internas at\u00e9 grandes <strong>conven\u00e7\u00f5es corporativas<\/strong>.<\/p>\n\n\n\n<h2 class=\"wp-block-heading\" id=\"h-como-integrar-palestras-e-arte-na-programacao-do-evento\"><a><\/a> <strong>Como integrar palestras e arte na programa\u00e7\u00e3o do evento?<\/strong><\/h2>\n\n\n\n<p>A m\u00e1gica acontece quando esses momentos est\u00e3o bem posicionados dentro do roteiro. N\u00e3o se trata de &#8220;encher tempo&#8221;, mas sim de <strong>criar pontos de virada e amplificar a experi\u00eancia<\/strong>.<\/p>\n\n\n\n<h3 class=\"wp-block-heading\" id=\"h-dicas-para-uma-integracao-inteligente\"><a><\/a> <strong>Dicas para uma integra\u00e7\u00e3o inteligente:<\/strong><\/h3>\n\n\n\n<ul class=\"wp-block-list\">\n<li>Use uma <strong>palestra de impacto na abertura<\/strong> do evento para energizar o p\u00fablico.<br><br><\/li>\n\n\n\n<li>Intercale apresenta\u00e7\u00f5es t\u00e9cnicas com <strong>momentos art\u00edsticos leves<\/strong>.<br><br><\/li>\n\n\n\n<li>Termine com uma <strong>mensagem motivacional ou sensorial<\/strong>, que deixe uma lembran\u00e7a forte.<br><br><\/li>\n\n\n\n<li>Adapte o conte\u00fado ao espa\u00e7o, tempo dispon\u00edvel e perfil da plateia.<br><br><br><\/li>\n<\/ul>\n\n\n\n<p>A <strong>All Party Eventos<\/strong> atua com <strong>roteiriza\u00e7\u00e3o completa<\/strong>, garantindo que cada elemento do evento do som \u00e0 ilumina\u00e7\u00e3o, do conte\u00fado \u00e0 cenografia esteja alinhado em uma <strong>narrativa coesa e envolvente<\/strong>.<\/p>\n\n\n\n<h2 class=\"wp-block-heading\" id=\"h-o-papel-da-agencia-de-eventos-na-curadoria-desses-momentos\"><a><\/a> <strong>O papel da ag\u00eancia de eventos na curadoria desses momentos<\/strong><\/h2>\n\n\n\n<p>Incluir palestrantes ou artistas no seu evento exige <strong>mais do que contratar algu\u00e9m conhecido<\/strong>. \u00c9 preciso garantir:<\/p>\n\n\n\n<ul class=\"wp-block-list\">\n<li>Que a mensagem esteja alinhada com o objetivo do evento<br><br><\/li>\n\n\n\n<li>Que haja integra\u00e7\u00e3o com a parte t\u00e9cnica (\u00e1udio, v\u00eddeo, palco)<br><br><\/li>\n\n\n\n<li>Que o conte\u00fado seja adaptado ao p\u00fablico<br><br><\/li>\n\n\n\n<li>Que a performance <strong>valorize a marca e n\u00e3o roube o protagonismo dela<br><\/strong><br><br><\/li>\n<\/ul>\n\n\n\n<p>Com a <strong>All Party Eventos<\/strong>, voc\u00ea conta com uma equipe que une <strong>vis\u00e3o criativa, planejamento t\u00e9cnico e dom\u00ednio da linguagem corporativa<\/strong>. A ag\u00eancia organiza <strong>eventos empresariais<\/strong> com foco em resultado, sem abrir m\u00e3o da emo\u00e7\u00e3o.<\/p>\n\n\n\n<h2 class=\"wp-block-heading\" id=\"h-exemplos-de-eventos-com-impacto-emocional\"><a><\/a> <strong>Exemplos de eventos com impacto emocional<\/strong><\/h2>\n\n\n\n<h3 class=\"wp-block-heading\" id=\"h-convencao-de-vendas-com-storytelling\"><a><\/a> \ud83d\ude80 <strong>Conven\u00e7\u00e3o de vendas com storytelling:<\/strong><\/h3>\n\n\n\n<p>Uma grande empresa do setor de tecnologia precisava motivar sua equipe para o pr\u00f3ximo ciclo. A All Party organizou um evento com a tem\u00e1tica &#8220;A Jornada do Her\u00f3i&#8221;, integrando <strong>palestras inspiradoras<\/strong>, trilhas sonoras de cinema e <strong>interven\u00e7\u00f5es teatrais que representavam os desafios da equipe<\/strong>. Resultado: engajamento total, muita emo\u00e7\u00e3o e um time energizado.<\/p>\n\n\n\n<h3 class=\"wp-block-heading\" id=\"h-evento-de-reconhecimento-com-musica-ao-vivo\"><a><\/a> \ud83c\udf1f <strong>Evento de reconhecimento com m\u00fasica ao vivo:<\/strong><\/h3>\n\n\n\n<p>Para uma empresa premiar colaboradores de destaque, a proposta foi criar uma noite especial com <strong>performances musicais personalizadas<\/strong>, discursos emocionantes e at\u00e9 um mural sendo pintado ao vivo com frases de impacto. O evento virou assunto por semanas dentro da organiza\u00e7\u00e3o.<\/p>\n\n\n\n<h2 class=\"wp-block-heading\" id=\"h-uma-nova-era-para-eventos-corporativos\"><a><\/a> <strong>Uma nova era para eventos corporativos<\/strong><\/h2>\n\n\n\n<p>Os tempos mudaram. Hoje, um <strong>evento empresarial<\/strong> precisa entregar mais do que planilhas e networking: precisa <strong>tocar o cora\u00e7\u00e3o do p\u00fablico, contar uma hist\u00f3ria, provocar sentimentos<\/strong>.<\/p>\n\n\n\n<p>Seja com uma <strong>palestra motivacional que vira conversa no caf\u00e9<\/strong> ou com um <strong>DJ ao vivo encerrando a conven\u00e7\u00e3o com energia<\/strong>, cada escolha importa.<\/p>\n\n\n\n<p>A <strong>All Party Eventos<\/strong> est\u00e1 preparada para entregar esse n\u00edvel de experi\u00eancia. Com produ\u00e7\u00e3o t\u00e9cnica completa (som, luz, palco), curadoria de conte\u00fado, e parcerias com os melhores <strong>palestrantes, DJs e artistas<\/strong>, a ag\u00eancia transforma seu evento em <strong>uma experi\u00eancia que ningu\u00e9m vai esquecer<\/strong>.<\/p>\n","protected":false},"excerpt":{"rendered":"<p>Em um cen\u00e1rio onde a aten\u00e7\u00e3o do p\u00fablico \u00e9 disputada a cada segundo, eventos corporativos precisam ir al\u00e9m da programa\u00e7\u00e3o tradicional. Um cronograma bem feito e uma boa estrutura t\u00e9cnica s\u00e3o fundamentais, mas o que realmente transforma um evento empresarial em uma [&hellip;]<\/p>\n","protected":false},"author":1,"featured_media":298,"comment_status":"open","ping_status":"open","sticky":false,"template":"","format":"standard","meta":{"footnotes":""},"categories":[5],"tags":[19,18,17,9,29,7,30,8,6,12,15,14],"class_list":["post-296","post","type-post","status-publish","format-standard","has-post-thumbnail","hentry","category-eventos-corporativos","tag-agencia-de-eventos","tag-assessoria-casamento","tag-assessoria-para-casamento","tag-entretenimento","tag-evento","tag-evento-corporativo","tag-evento-empresarial","tag-eventos","tag-eventos-corporativos","tag-formaturas","tag-gestao-de-participante","tag-gestao-de-participantes"],"yoast_head":"<!-- This site is optimized with the Yoast SEO Premium plugin v22.5 (Yoast SEO v23.1) - https:\/\/yoast.com\/wordpress\/plugins\/seo\/ -->\n<title>\ud83c\udfa4 Palestras e interven\u00e7\u00f5es art\u00edsticas: o toque especial para seu evento corporativo - Blog All Party<\/title>\n<meta name=\"description\" content=\"Os eventos corporativos de hoje n\u00e3o podem ser apenas informativos, eles precisam emocionar, entreter e provocar reflex\u00f5es. O p\u00fablico...\" \/>\n<meta name=\"robots\" content=\"index, follow, max-snippet:-1, max-image-preview:large, max-video-preview:-1\" \/>\n<link rel=\"canonical\" href=\"https:\/\/allpartyeventos.com.br\/blog\/2026\/01\/20\/\ud83c\udfa4-palestras-e-intervencoes-artisticas-o-toque-especial-para-seu-evento-corporativo\/\" \/>\n<meta property=\"og:locale\" content=\"pt_BR\" \/>\n<meta property=\"og:type\" content=\"article\" \/>\n<meta property=\"og:title\" content=\"\ud83c\udfa4 Palestras e interven\u00e7\u00f5es art\u00edsticas: o toque especial para seu evento corporativo\" \/>\n<meta property=\"og:description\" content=\"Os eventos corporativos de hoje n\u00e3o podem ser apenas informativos, eles precisam emocionar, entreter e provocar reflex\u00f5es. O p\u00fablico...\" \/>\n<meta property=\"og:url\" content=\"https:\/\/allpartyeventos.com.br\/blog\/2026\/01\/20\/\ud83c\udfa4-palestras-e-intervencoes-artisticas-o-toque-especial-para-seu-evento-corporativo\/\" \/>\n<meta property=\"og:site_name\" content=\"Blog All Party\" \/>\n<meta property=\"article:published_time\" content=\"2026-01-20T12:39:28+00:00\" \/>\n<meta property=\"article:modified_time\" content=\"2026-01-30T12:41:41+00:00\" \/>\n<meta property=\"og:image\" content=\"https:\/\/allpartyeventos.com.br\/blog\/wp-content\/uploads\/2026\/01\/eventos-corporativos.jpg\" \/>\n\t<meta property=\"og:image:width\" content=\"740\" \/>\n\t<meta property=\"og:image:height\" content=\"493\" \/>\n\t<meta property=\"og:image:type\" content=\"image\/jpeg\" \/>\n<meta name=\"author\" content=\"admin\" \/>\n<meta name=\"twitter:card\" content=\"summary_large_image\" \/>\n<meta name=\"twitter:label1\" content=\"Escrito por\" \/>\n\t<meta name=\"twitter:data1\" content=\"admin\" \/>\n\t<meta name=\"twitter:label2\" content=\"Est. tempo de leitura\" \/>\n\t<meta name=\"twitter:data2\" content=\"6 minutos\" \/>\n<script type=\"application\/ld+json\" class=\"yoast-schema-graph\">{\"@context\":\"https:\/\/schema.org\",\"@graph\":[{\"@type\":\"WebPage\",\"@id\":\"https:\/\/allpartyeventos.com.br\/blog\/2026\/01\/20\/%f0%9f%8e%a4-palestras-e-intervencoes-artisticas-o-toque-especial-para-seu-evento-corporativo\/\",\"url\":\"https:\/\/allpartyeventos.com.br\/blog\/2026\/01\/20\/%f0%9f%8e%a4-palestras-e-intervencoes-artisticas-o-toque-especial-para-seu-evento-corporativo\/\",\"name\":\"\ud83c\udfa4 Palestras e interven\u00e7\u00f5es art\u00edsticas: o toque especial para seu evento corporativo - Blog All Party\",\"isPartOf\":{\"@id\":\"https:\/\/allpartyeventos.com.br\/blog\/#website\"},\"primaryImageOfPage\":{\"@id\":\"https:\/\/allpartyeventos.com.br\/blog\/2026\/01\/20\/%f0%9f%8e%a4-palestras-e-intervencoes-artisticas-o-toque-especial-para-seu-evento-corporativo\/#primaryimage\"},\"image\":{\"@id\":\"https:\/\/allpartyeventos.com.br\/blog\/2026\/01\/20\/%f0%9f%8e%a4-palestras-e-intervencoes-artisticas-o-toque-especial-para-seu-evento-corporativo\/#primaryimage\"},\"thumbnailUrl\":\"https:\/\/allpartyeventos.com.br\/blog\/wp-content\/uploads\/2026\/01\/eventos-corporativos.jpg\",\"datePublished\":\"2026-01-20T12:39:28+00:00\",\"dateModified\":\"2026-01-30T12:41:41+00:00\",\"author\":{\"@id\":\"https:\/\/allpartyeventos.com.br\/blog\/#\/schema\/person\/5ab18042605e30c4e500820ada93a069\"},\"description\":\"Os eventos corporativos de hoje n\u00e3o podem ser apenas informativos, eles precisam emocionar, entreter e provocar reflex\u00f5es. O p\u00fablico...\",\"breadcrumb\":{\"@id\":\"https:\/\/allpartyeventos.com.br\/blog\/2026\/01\/20\/%f0%9f%8e%a4-palestras-e-intervencoes-artisticas-o-toque-especial-para-seu-evento-corporativo\/#breadcrumb\"},\"inLanguage\":\"pt-BR\",\"potentialAction\":[{\"@type\":\"ReadAction\",\"target\":[\"https:\/\/allpartyeventos.com.br\/blog\/2026\/01\/20\/%f0%9f%8e%a4-palestras-e-intervencoes-artisticas-o-toque-especial-para-seu-evento-corporativo\/\"]}]},{\"@type\":\"ImageObject\",\"inLanguage\":\"pt-BR\",\"@id\":\"https:\/\/allpartyeventos.com.br\/blog\/2026\/01\/20\/%f0%9f%8e%a4-palestras-e-intervencoes-artisticas-o-toque-especial-para-seu-evento-corporativo\/#primaryimage\",\"url\":\"https:\/\/allpartyeventos.com.br\/blog\/wp-content\/uploads\/2026\/01\/eventos-corporativos.jpg\",\"contentUrl\":\"https:\/\/allpartyeventos.com.br\/blog\/wp-content\/uploads\/2026\/01\/eventos-corporativos.jpg\",\"width\":740,\"height\":493,\"caption\":\"eventos corporativos\"},{\"@type\":\"BreadcrumbList\",\"@id\":\"https:\/\/allpartyeventos.com.br\/blog\/2026\/01\/20\/%f0%9f%8e%a4-palestras-e-intervencoes-artisticas-o-toque-especial-para-seu-evento-corporativo\/#breadcrumb\",\"itemListElement\":[{\"@type\":\"ListItem\",\"position\":1,\"name\":\"In\u00edcio\",\"item\":\"https:\/\/allpartyeventos.com.br\/blog\/\"},{\"@type\":\"ListItem\",\"position\":2,\"name\":\"\ud83c\udfa4 Palestras e interven\u00e7\u00f5es art\u00edsticas: o toque especial para seu evento corporativo\"}]},{\"@type\":\"WebSite\",\"@id\":\"https:\/\/allpartyeventos.com.br\/blog\/#website\",\"url\":\"https:\/\/allpartyeventos.com.br\/blog\/\",\"name\":\"Blog All Party\",\"description\":\"Blog All Party\",\"potentialAction\":[{\"@type\":\"SearchAction\",\"target\":{\"@type\":\"EntryPoint\",\"urlTemplate\":\"https:\/\/allpartyeventos.com.br\/blog\/?s={search_term_string}\"},\"query-input\":\"required name=search_term_string\"}],\"inLanguage\":\"pt-BR\"},{\"@type\":\"Person\",\"@id\":\"https:\/\/allpartyeventos.com.br\/blog\/#\/schema\/person\/5ab18042605e30c4e500820ada93a069\",\"name\":\"admin\",\"image\":{\"@type\":\"ImageObject\",\"inLanguage\":\"pt-BR\",\"@id\":\"https:\/\/allpartyeventos.com.br\/blog\/#\/schema\/person\/image\/\",\"url\":\"https:\/\/secure.gravatar.com\/avatar\/ae92580851fb03298934a1b9611b38c6dbe9c76ce20ff6d3222955b1fd38e5da?s=96&d=mm&r=g\",\"contentUrl\":\"https:\/\/secure.gravatar.com\/avatar\/ae92580851fb03298934a1b9611b38c6dbe9c76ce20ff6d3222955b1fd38e5da?s=96&d=mm&r=g\",\"caption\":\"admin\"},\"sameAs\":[\"https:\/\/allpartyeventos.com.br\/blog\"],\"url\":\"https:\/\/allpartyeventos.com.br\/blog\/author\/admin\/\"}]}<\/script>\n<!-- \/ Yoast SEO Premium plugin. -->","yoast_head_json":{"title":"\ud83c\udfa4 Palestras e interven\u00e7\u00f5es art\u00edsticas: o toque especial para seu evento corporativo - Blog All Party","description":"Os eventos corporativos de hoje n\u00e3o podem ser apenas informativos, eles precisam emocionar, entreter e provocar reflex\u00f5es. O p\u00fablico...","robots":{"index":"index","follow":"follow","max-snippet":"max-snippet:-1","max-image-preview":"max-image-preview:large","max-video-preview":"max-video-preview:-1"},"canonical":"https:\/\/allpartyeventos.com.br\/blog\/2026\/01\/20\/\ud83c\udfa4-palestras-e-intervencoes-artisticas-o-toque-especial-para-seu-evento-corporativo\/","og_locale":"pt_BR","og_type":"article","og_title":"\ud83c\udfa4 Palestras e interven\u00e7\u00f5es art\u00edsticas: o toque especial para seu evento corporativo","og_description":"Os eventos corporativos de hoje n\u00e3o podem ser apenas informativos, eles precisam emocionar, entreter e provocar reflex\u00f5es. O p\u00fablico...","og_url":"https:\/\/allpartyeventos.com.br\/blog\/2026\/01\/20\/\ud83c\udfa4-palestras-e-intervencoes-artisticas-o-toque-especial-para-seu-evento-corporativo\/","og_site_name":"Blog All Party","article_published_time":"2026-01-20T12:39:28+00:00","article_modified_time":"2026-01-30T12:41:41+00:00","og_image":[{"width":740,"height":493,"url":"https:\/\/allpartyeventos.com.br\/blog\/wp-content\/uploads\/2026\/01\/eventos-corporativos.jpg","type":"image\/jpeg"}],"author":"admin","twitter_card":"summary_large_image","twitter_misc":{"Escrito por":"admin","Est. tempo de leitura":"6 minutos"},"schema":{"@context":"https:\/\/schema.org","@graph":[{"@type":"WebPage","@id":"https:\/\/allpartyeventos.com.br\/blog\/2026\/01\/20\/%f0%9f%8e%a4-palestras-e-intervencoes-artisticas-o-toque-especial-para-seu-evento-corporativo\/","url":"https:\/\/allpartyeventos.com.br\/blog\/2026\/01\/20\/%f0%9f%8e%a4-palestras-e-intervencoes-artisticas-o-toque-especial-para-seu-evento-corporativo\/","name":"\ud83c\udfa4 Palestras e interven\u00e7\u00f5es art\u00edsticas: o toque especial para seu evento corporativo - Blog All Party","isPartOf":{"@id":"https:\/\/allpartyeventos.com.br\/blog\/#website"},"primaryImageOfPage":{"@id":"https:\/\/allpartyeventos.com.br\/blog\/2026\/01\/20\/%f0%9f%8e%a4-palestras-e-intervencoes-artisticas-o-toque-especial-para-seu-evento-corporativo\/#primaryimage"},"image":{"@id":"https:\/\/allpartyeventos.com.br\/blog\/2026\/01\/20\/%f0%9f%8e%a4-palestras-e-intervencoes-artisticas-o-toque-especial-para-seu-evento-corporativo\/#primaryimage"},"thumbnailUrl":"https:\/\/allpartyeventos.com.br\/blog\/wp-content\/uploads\/2026\/01\/eventos-corporativos.jpg","datePublished":"2026-01-20T12:39:28+00:00","dateModified":"2026-01-30T12:41:41+00:00","author":{"@id":"https:\/\/allpartyeventos.com.br\/blog\/#\/schema\/person\/5ab18042605e30c4e500820ada93a069"},"description":"Os eventos corporativos de hoje n\u00e3o podem ser apenas informativos, eles precisam emocionar, entreter e provocar reflex\u00f5es. O p\u00fablico...","breadcrumb":{"@id":"https:\/\/allpartyeventos.com.br\/blog\/2026\/01\/20\/%f0%9f%8e%a4-palestras-e-intervencoes-artisticas-o-toque-especial-para-seu-evento-corporativo\/#breadcrumb"},"inLanguage":"pt-BR","potentialAction":[{"@type":"ReadAction","target":["https:\/\/allpartyeventos.com.br\/blog\/2026\/01\/20\/%f0%9f%8e%a4-palestras-e-intervencoes-artisticas-o-toque-especial-para-seu-evento-corporativo\/"]}]},{"@type":"ImageObject","inLanguage":"pt-BR","@id":"https:\/\/allpartyeventos.com.br\/blog\/2026\/01\/20\/%f0%9f%8e%a4-palestras-e-intervencoes-artisticas-o-toque-especial-para-seu-evento-corporativo\/#primaryimage","url":"https:\/\/allpartyeventos.com.br\/blog\/wp-content\/uploads\/2026\/01\/eventos-corporativos.jpg","contentUrl":"https:\/\/allpartyeventos.com.br\/blog\/wp-content\/uploads\/2026\/01\/eventos-corporativos.jpg","width":740,"height":493,"caption":"eventos corporativos"},{"@type":"BreadcrumbList","@id":"https:\/\/allpartyeventos.com.br\/blog\/2026\/01\/20\/%f0%9f%8e%a4-palestras-e-intervencoes-artisticas-o-toque-especial-para-seu-evento-corporativo\/#breadcrumb","itemListElement":[{"@type":"ListItem","position":1,"name":"In\u00edcio","item":"https:\/\/allpartyeventos.com.br\/blog\/"},{"@type":"ListItem","position":2,"name":"\ud83c\udfa4 Palestras e interven\u00e7\u00f5es art\u00edsticas: o toque especial para seu evento corporativo"}]},{"@type":"WebSite","@id":"https:\/\/allpartyeventos.com.br\/blog\/#website","url":"https:\/\/allpartyeventos.com.br\/blog\/","name":"Blog All Party","description":"Blog All Party","potentialAction":[{"@type":"SearchAction","target":{"@type":"EntryPoint","urlTemplate":"https:\/\/allpartyeventos.com.br\/blog\/?s={search_term_string}"},"query-input":"required name=search_term_string"}],"inLanguage":"pt-BR"},{"@type":"Person","@id":"https:\/\/allpartyeventos.com.br\/blog\/#\/schema\/person\/5ab18042605e30c4e500820ada93a069","name":"admin","image":{"@type":"ImageObject","inLanguage":"pt-BR","@id":"https:\/\/allpartyeventos.com.br\/blog\/#\/schema\/person\/image\/","url":"https:\/\/secure.gravatar.com\/avatar\/ae92580851fb03298934a1b9611b38c6dbe9c76ce20ff6d3222955b1fd38e5da?s=96&d=mm&r=g","contentUrl":"https:\/\/secure.gravatar.com\/avatar\/ae92580851fb03298934a1b9611b38c6dbe9c76ce20ff6d3222955b1fd38e5da?s=96&d=mm&r=g","caption":"admin"},"sameAs":["https:\/\/allpartyeventos.com.br\/blog"],"url":"https:\/\/allpartyeventos.com.br\/blog\/author\/admin\/"}]}},"_links":{"self":[{"href":"https:\/\/allpartyeventos.com.br\/blog\/wp-json\/wp\/v2\/posts\/296","targetHints":{"allow":["GET"]}}],"collection":[{"href":"https:\/\/allpartyeventos.com.br\/blog\/wp-json\/wp\/v2\/posts"}],"about":[{"href":"https:\/\/allpartyeventos.com.br\/blog\/wp-json\/wp\/v2\/types\/post"}],"author":[{"embeddable":true,"href":"https:\/\/allpartyeventos.com.br\/blog\/wp-json\/wp\/v2\/users\/1"}],"replies":[{"embeddable":true,"href":"https:\/\/allpartyeventos.com.br\/blog\/wp-json\/wp\/v2\/comments?post=296"}],"version-history":[{"count":1,"href":"https:\/\/allpartyeventos.com.br\/blog\/wp-json\/wp\/v2\/posts\/296\/revisions"}],"predecessor-version":[{"id":299,"href":"https:\/\/allpartyeventos.com.br\/blog\/wp-json\/wp\/v2\/posts\/296\/revisions\/299"}],"wp:featuredmedia":[{"embeddable":true,"href":"https:\/\/allpartyeventos.com.br\/blog\/wp-json\/wp\/v2\/media\/298"}],"wp:attachment":[{"href":"https:\/\/allpartyeventos.com.br\/blog\/wp-json\/wp\/v2\/media?parent=296"}],"wp:term":[{"taxonomy":"category","embeddable":true,"href":"https:\/\/allpartyeventos.com.br\/blog\/wp-json\/wp\/v2\/categories?post=296"},{"taxonomy":"post_tag","embeddable":true,"href":"https:\/\/allpartyeventos.com.br\/blog\/wp-json\/wp\/v2\/tags?post=296"}],"curies":[{"name":"wp","href":"https:\/\/api.w.org\/{rel}","templated":true}]}}